{"id":14520,"date":"2025-08-20T09:50:03","date_gmt":"2025-08-20T07:50:03","guid":{"rendered":"https:\/\/www.camping-les-saules.com\/20-romans-bretagne\/"},"modified":"2026-04-14T08:48:15","modified_gmt":"2026-04-14T06:48:15","slug":"bretonische-romane","status":"publish","type":"post","link":"https:\/\/www.camping-les-saules.com\/de\/bretonische-romane\/","title":{"rendered":"Bretonische Romane f\u00fcr den Urlaub"},"content":{"rendered":"\n<p>Ihr Urlaub im Finist\u00e8re w\u00e4re nicht vollst\u00e4ndig ohne eine Auswahl an B\u00fcchern, die Sie wie einen Teller mit Meeresfr\u00fcchten oder einen Buchweizenkuchen verschlingen k\u00f6nnen! Wir haben f\u00fcr Sie eine Liste von B\u00fcchern zusammengestellt, die Sie w\u00e4hrend der Siesta lesen oder als Andenken an Ihren Urlaub mit nach Hause nehmen k\u00f6nnen. Bereiten Sie sich auf spannende Geschichten vor, die perfekt zur bretonischen Atmosph\u00e4re passen: Krimis, historische oder zeitgen\u00f6ssische Romane, Comics, Jugendb\u00fccher, f\u00fcr jeden Geschmack ist etwas dabei!  <\/p>\n\n<figure class=\"wp-block-gallery has-nested-images columns-default is-cropped wp-block-gallery-1 is-layout-flex wp-block-gallery-is-layout-flex\">\n<figure class=\"wp-block-image\"><img decoding=\"async\" src=\"https:\/\/www.camping-les-saules.com\/wp-content\/uploads\/les-trois-brestoises.jpg\" alt=\"\" \/><\/figure>\n\n\n\n<figure class=\"wp-block-image\"><img decoding=\"async\" src=\"https:\/\/www.camping-les-saules.com\/wp-content\/uploads\/Les-enquetes-dEdgar-Spencer.jpg\" alt=\"\" \/><\/figure>\n<\/figure>\n\n<p><\/p>\n\n<h2 class=\"wp-block-heading\">&#8222;LES TROIS BRESTOISES&#8220; VON PIERRE POUCHAIRET<\/h2>\n\n<p>Im Mittelpunkt dieses Krimis steht der Mord an Corentine Ledantec, einer 80-j\u00e4hrigen Frau mit einem z\u00e4nkischen Charakter, in Ste-Marine. Die Handlung wird komplexer, als der Hauptverd\u00e4chtige, Julien le Floch, Enkel des Opfers und drogenabh\u00e4ngig, mit einem gewagten Drogenh\u00e4ndler in Verbindung gebracht wird, der bereit ist, auf die Ordnungskr\u00e4fte zu schie\u00dfen. <\/p>\n\n<p>Ein origineller Aspekt des Buches ist die zentrale Rolle von drei Frauen - einer Gerichtsmedizinerin, einer spezialisierten Psychologin und einer Polizistin mit unorthodoxen Methoden.<\/p>\n\n<p>Mit seinem fl\u00fcssigen und dynamischen Stil ist dieser Roman leicht zu lesen. Mit seinen Wendungen und Charakteren ist &#8222;Les Trois Brestoises&#8220; ein fesselnder Krimi, den Sie nicht verpassen sollten. <\/p>\n\n<p>Genre: Krimi<\/p>\n\n<p>\u00a0<\/p>\n\n<h2 class=\"wp-block-heading\">&#8222;DIE ERMITTLUNGEN DES EDGAR SPENCER&#8220; VON M. A. GRAFF<\/h2>\n\n<p>In diesem ersten Band folgen wir Edgar Spencer, einem englischen Rentner, der sich in einem abgelegenen Teil des Morbihan niedergelassen hat, um dort eine Buchhandlung zu er\u00f6ffnen. Kurz nach seiner Ankunft ereignet sich ein angeblicher Selbstmord, der Spencers Neugier weckt. Die Atmosph\u00e4re des Dorfes, die klugen Dialoge, der subtile Humor, alles tr\u00e4gt dazu bei, dass die Lekt\u00fcre zu einem angenehmen Erlebnis wird.  <\/p>\n\n<p>Wenn Sie einen gut durchdachten Kriminalfall mit einem liebenswerten Protagonisten und einer malerischen Umgebung suchen, dann ist &#8222;Die Ermittlungen des Edgar Spencer&#8220; eine Lekt\u00fcre, die Sie sich nicht entgehen lassen sollten.<\/p>\n\n<p>Genre: Krimi<\/p>\n\n<figure class=\"wp-block-gallery has-nested-images columns-default is-cropped wp-block-gallery-2 is-layout-flex wp-block-gallery-is-layout-flex\">\n<figure class=\"wp-block-image\"><img decoding=\"async\" src=\"https:\/\/www.camping-les-saules.com\/wp-content\/uploads\/au-bout-du-compte.jpg\" alt=\"\" \/><\/figure>\n\n\n\n<figure class=\"wp-block-image\"><img decoding=\"async\" src=\"https:\/\/www.camping-les-saules.com\/wp-content\/uploads\/bretzeletbeurresale.jpg\" alt=\"\" \/><\/figure>\n<\/figure>\n\n<p><\/p>\n\n<h2 class=\"wp-block-heading\">&#8222;AU BOUT DU COMPTE&#8220; VON HERV\u00c9 HUGUEN<\/h2>\n\n<p>Francis Gosiniack, ein ehrgeiziger Bankmanager in Vannes, ist davon \u00fcberzeugt, dass er Beweise f\u00fcr finanzielle Verfehlungen seines Vorgesetzten besitzt. Er sieht eine Gelegenheit, die er sich nicht entgehen lassen will und beschlie\u00dft, sein Schweigen zu Geld zu machen. Doch bevor er seinen Plan umsetzen kann, greift das Schicksal ein, als er unerwartet von einem Auto erfasst wird. Diese fesselnde Geschichte ist eine Mischung aus Ehrgeiz, Korruption und Drama, mit einer Dosis Intrige, die Sie bis zur letzten Seite fesselt.   <\/p>\n\n<p>Genre: Krimi<\/p>\n\n<p>\u00a0<\/p>\n\n<h2 class=\"wp-block-heading\">&#8222;BRETZEL &amp; BEURRE SAL\u00c9&#8220; VON MARGOT UND JEAN LE MOAL<\/h2>\n\n<p>Das erste Buch entf\u00fchrt den Leser in das malerische Dorf Locmaria auf der Insel Belle-\u00cele-en-Mer. Die Geschichte folgt Catherine Wald, einer dynamischen Frau aus Stra\u00dfburg, die in diesem bukolischen Paradies in ein komplexes R\u00e4tsel hineingezogen wird. Mit einem fl\u00fcssigen und fesselnden Schreibstil und einer Galerie von Charakteren, die zutiefst anziehend sind, verspricht dieser Roman ein eindringliches Leseerlebnis f\u00fcr alle Krimifans.  <\/p>\n\n<p>Genre: Krimi<\/p>\n\n<p>\u00a0<\/p>\n\n<h2 class=\"wp-block-heading\">&#8222;DIE BREIZH BRIGADE, BAND 1: WILLKOMMEN BEI DEN KORRIGANS!&#8220; VON MO MAL\u00d8. <\/h2>\n\n<p>Dieser Roman f\u00fchrt uns in das Herz der Bretagne, wo zwei k\u00fchne Schwestern ein G\u00e4stehaus in einem historischen Geb\u00e4ude in der Stadt f\u00fchren. Ihr Alltag ger\u00e4t aus den Fugen, als das Geheimnis einer grausam ermordeten Leiche gel\u00fcftet wird. Sie werden zu Leiterinnen der Breizh Brigade, einer Vereinigung, der sie ein zweites Leben geben. Wenn Sie auf der Suche nach einer fesselnden Handlung mit Humor, Spannung und Wendungen sind, ist dieser geheimnisvolle Kriminalroman eine gute Wahl.   <\/p>\n\n<p>Genre: Kriminalroman<\/p>\n\n<figure class=\"wp-block-gallery has-nested-images columns-default is-cropped wp-block-gallery-3 is-layout-flex wp-block-gallery-is-layout-flex\">\n<figure class=\"wp-block-image\"><img decoding=\"async\" src=\"https:\/\/www.camping-les-saules.com\/wp-content\/uploads\/Les-Soeurs-Gwenan.jpg\" alt=\"\" \/><\/figure>\n\n\n\n<figure class=\"wp-block-image\"><img decoding=\"async\" src=\"https:\/\/www.camping-les-saules.com\/wp-content\/uploads\/La-Breizh-brigade.jpg\" alt=\"\" \/><\/figure>\n<\/figure>\n\n<p><\/p>\n\n<h2 class=\"wp-block-heading\">&#8222;<strong>DIE SCHWESTERN GWENAN&#8220; VON HERV\u00c9 JAOUEN<\/strong><\/h2>\n\n<p>Dieses Buch wird Sie in die wilde Sch\u00f6nheit der l\u00e4ndlichen Bretagne zu Beginn des 20. Jahrhunderts entf\u00fchren. Jaouen schildert auf eindringliche Weise die Machtk\u00e4mpfe, Traditionen und sozialen Umw\u00e4lzungen dieser Zeit und erweckt eine vergangene Epoche zum Leben. Wenn Sie sich f\u00fcr Geschichte, komplizierte Familienbeziehungen und stimmungsvolle Beschreibungen des l\u00e4ndlichen Lebens begeistern, ist dieses Buch eine literarische Reise, die Sie sich nicht entgehen lassen wollen.  <\/p>\n\n<p>Genre: Historischer Roman<\/p>\n\n<figure class=\"wp-block-gallery has-nested-images columns-default is-cropped wp-block-gallery-4 is-layout-flex wp-block-gallery-is-layout-flex\">\n<figure class=\"wp-block-image\"><img decoding=\"async\" src=\"https:\/\/www.camping-les-saules.com\/wp-content\/uploads\/Le-Cheval-dorgueil.jpg\" alt=\"\" \/><\/figure>\n\n\n\n<figure class=\"wp-block-image\"><img decoding=\"async\" src=\"https:\/\/www.camping-les-saules.com\/wp-content\/uploads\/contre-vents-et-secrets.jpg\" alt=\"\" \/><\/figure>\n<\/figure>\n\n<p><\/p>\n\n<h2 class=\"wp-block-heading\">&#8222;LE CHEVAL D&#8217;ORGUEIL&#8220; VON PIERRE-JAKEZ H\u00c9LIAS<\/h2>\n\n<p>Dieses autobiographische Buch beschreibt die Kindheit und Jugend eines kleinen Bretonen aus dem Bigoudenland zwischen dem Ersten Weltkrieg und der Mitte der 30er Jahre. Es beschreibt das t\u00e4gliche Leben der bretonischen Bauern, ihre Kultur und ihre Traditionen. H\u00e9lias enth\u00fcllt eine vergangene Epoche mit einer fast fotografischen Pr\u00e4zision, die in der Authentizit\u00e4t und dem Respekt f\u00fcr sein Volk verwurzelt ist.  <\/p>\n\n<p>Dieses Werk, von dem weltweit fast zwei Millionen Exemplare verkauft wurden, hat die Herzen vieler Leser ber\u00fchrt.<\/p>\n\n<p>Genre: Historischer Roman<\/p>\n\n<p>\u00a0<\/p>\n\n<h2 class=\"wp-block-heading\">&#8222;GEGEN WIND UND GEHEIMNISSE&#8220; VON CYNTHIA KAFKA<\/h2>\n\n<p>Charl\u00e8ne, eine frisch geschiedene Frau in den Drei\u00dfigern, sieht sich gezwungen, wieder in ihrem Elternhaus zu leben, eine Situation, die sie als unertr\u00e4glich empfindet. Um dieser Realit\u00e4t zu entfliehen, heckt Charl\u00e8ne eine Geschichte \u00fcber einen Arbeitsvertrag auf einer malerischen bretonischen Insel aus. Was ist ihre fiktive Aufgabe? Ein Buch \u00fcber die Bewohner von Broavel zu schreiben. In dieser tiefgr\u00fcndigen und bewegenden Erz\u00e4hlung untersucht die Autorin universelle Themen wie Erneuerung und Selbstfindung. Eine inspirierende Lekt\u00fcre, die Sie noch lange nach dem Umbl\u00e4ttern der letzten Seite nachdenklich zur\u00fcckl\u00e4sst.     <\/p>\n\n<p>Genre: Roman<\/p>\n\n<figure class=\"wp-block-gallery has-nested-images columns-default is-cropped wp-block-gallery-5 is-layout-flex wp-block-gallery-is-layout-flex\">\n<figure class=\"wp-block-image\"><img decoding=\"async\" src=\"https:\/\/www.camping-les-saules.com\/wp-content\/uploads\/la-delicatesse-du-homard.jpeg\" alt=\"\" \/><\/figure>\n\n\n\n<figure class=\"wp-block-image\"><img decoding=\"async\" src=\"https:\/\/www.camping-les-saules.com\/wp-content\/uploads\/le-chant-des-reines.jpg\" alt=\"\" \/><\/figure>\n<\/figure>\n\n<p><\/p>\n\n<h2 class=\"wp-block-heading\">&#8222;LA D\u00c9LICATESSE DU HOMARD&#8220; VON LAURE MANEL<\/h2>\n\n<p>Fran\u00e7ois, der ein Reitzentrum in der Bretagne betreibt, entdeckt eine junge Frau, die verletzt und ohnm\u00e4chtig am Strand liegt. Anstatt sie den Rettungshelfern zu \u00fcberlassen, nimmt er sie mit nach Hause, um sie zu behandeln. Die Frau, Elsa, wacht ohne jegliche Erinnerung auf und kann nicht sprechen. Fran\u00e7ois und Elsa, beide von ihrer Vergangenheit gezeichnet, beginnen ein untypisches Zusammenleben, das von Stille, Geheimnissen und gegenseitiger Anziehung gepr\u00e4gt ist.   <\/p>\n\n<p>&#8222;Die Zartheit des Hummers&#8220; ist ein Werk f\u00fcr diejenigen, die Geschichten \u00fcber Wiedergeburt, Resilienz und Liebe sch\u00e4tzen. Es ist eine tief bewegende und fein ziselierte Erz\u00e4hlung, die Sie auf eine Reise durch die Sch\u00f6nheit der Bretagne und die Intimit\u00e4t der Herzen ihrer Figuren mitnimmt. <\/p>\n\n<p>Genre: Roman<\/p>\n\n<p>\u00a0<\/p>\n\n<h2 class=\"wp-block-heading\">SARAH BELL: &#8222;DAS LIED DER K\u00d6NIGINNEN&#8220;.<\/h2>\n\n<p>Diese bewegende Erz\u00e4hlung nimmt uns mit in den Alltag von Fanny, einer Imkerin, die sich entschieden hat, in Rennes ein neues Leben zu beginnen. Trotz ihrer Einsamkeit und Zerbrechlichkeit ist Fanny eine starke Frau, die eine tiefe, geheime Wunde verbirgt. Diese Wunde behindert ihr Gl\u00fcck trotz ihrer Liebe zu ihrer Arbeit und den Freundschaften, die sie kn\u00fcpfen kann. In dieser ergreifenden Erz\u00e4hlung werden wir Zeuge von Fannys langsamer und schmerzhafter Suche nach Widerstandskraft. Dieses Buch, das 2022 mit dem Prix Jeune Talent Jeannine-Balland ausgezeichnet wurde, ist eine echte Einladung zum Nachdenken \u00fcber Schmerz, Resilienz und die Suche nach Gl\u00fcck.    <\/p>\n\n<p>Genre: Roman<\/p>\n\n<figure class=\"wp-block-gallery has-nested-images columns-default is-cropped wp-block-gallery-6 is-layout-flex wp-block-gallery-is-layout-flex\">\n<figure class=\"wp-block-image\"><img decoding=\"async\" src=\"https:\/\/www.camping-les-saules.com\/wp-content\/uploads\/les-yeux-couleur-de-pluie.jpeg\" alt=\"\" \/><\/figure>\n\n\n\n<figure class=\"wp-block-image\"><img decoding=\"async\" src=\"https:\/\/www.camping-les-saules.com\/wp-content\/uploads\/unoceandamour.jpg\" alt=\"\" \/><\/figure>\n<\/figure>\n\n<p><\/p>\n\n<h2 class=\"wp-block-heading\">SOPHIE TAL MEN: &#8222;LES YEUX COULEUR DE PLUIE&#8220; (DIE REGENFARBENEN AUGEN)<\/h2>\n\n<p>&#8222;Die Augen des Regens&#8220;, geschrieben von Sophie Tal Men, nimmt Sie mit in das Leben von Marie-Lou, einer jungen Medizinstudentin, deren Welt auf den Kopf gestellt wird, als sie nach Brest geschickt wird. Tauchen Sie ein in den Krankenhausalltag, wo Marie-Lou zwischen anstrengenden Schichten und ergreifenden Interaktionen mit den Patienten jongliert. Aber das ist nicht alles! Inmitten dieser Herausforderungen wird sie in eine leidenschaftliche Romanze mit Matthieu hineingezogen, die ihrem Alltag Funken und Emotionen verleiht. Dieses Buch ist ein Wirbelwind der Gef\u00fchle, der die S\u00fc\u00dfe und den \u00dcberschwang der Jugend mit der rauen Realit\u00e4t der medizinischen Welt verbindet. Begeben Sie sich auf dieses menschliche Abenteuer und lassen Sie sich von dieser fesselnden Geschichte ber\u00fchren!     <\/p>\n\n<p>Genre: Roman<\/p>\n\n<p>\u00a0<\/p>\n\n<h2 class=\"wp-block-heading\">&#8222;EIN OZEAN DER LIEBE&#8220; WILFRID LUPANO UND GR\u00c9GORY PANACCIONE<\/h2>\n\n<p>&#8222;Ein Ozean der Liebe&#8220; ist ein bezauberndes und bewegendes Werk. Die ebenso fesselnde wie originelle Erz\u00e4hlung folgt der Reise einer entschlossenen bretonischen Frau, die sich nach dem Verschwinden ihres geliebten Ehemanns auf See auf ein Seeabenteuer begibt, um ihn zu finden. Seltsamerweise ben\u00f6tigt das Buch keine Worte, um diese spannende Geschichte zu erz\u00e4hlen - Liebe, Angst, Hoffnung, Entschlossenheit, alles wird durch die Kraft der Zeichnung ausgedr\u00fcckt. Leser aller Altersgruppen werden in diesem epischen Abenteuer etwas finden, das sie genie\u00dfen k\u00f6nnen. Dies ist ein Buchtipp, der sich auch hervorragend als Geschenk eignet.    <\/p>\n\n<p>Genre: Graphic Novel<\/p>\n\n<div class=\"wp-block-columns is-layout-flex wp-container-core-columns-is-layout-28f84493 wp-block-columns-is-layout-flex\">\n<div class=\"wp-block-column is-layout-flow wp-block-column-is-layout-flow\" style=\"flex-basis:100%\">\n<figure class=\"wp-block-gallery has-nested-images columns-default is-cropped wp-block-gallery-7 is-layout-flex wp-block-gallery-is-layout-flex\">\n<figure class=\"wp-block-image\"><img decoding=\"async\" src=\"https:\/\/www.camping-les-saules.com\/wp-content\/uploads\/ar-men.jpg\" alt=\"\" \/><\/figure>\n\n\n\n<figure class=\"wp-block-image\"><img decoding=\"async\" src=\"https:\/\/www.camping-les-saules.com\/wp-content\/uploads\/algues-vertes.jpg\" alt=\"\" \/><\/figure>\n<\/figure>\n<\/div>\n<\/div>\n\n<p><\/p>\n\n<h2 class=\"wp-block-heading\">&#8222;AR-MEN: DIE H\u00d6LLE DER H\u00d6LLEN&#8220; VON EMMANUEL LEPAGE<\/h2>\n\n<p>Dieser Comic taucht ein in die Geschichte des ber\u00fchmten Leuchtturms von Ar-Men, der vor der Insel Sein liegt. Das Buch l\u00e4dt uns ein, durch die Zeit zu reisen, die epischen Geschichten der Bauherren zu lesen, die extremen Bedingungen trotzten, um diesen Leuchtturm zu errichten, und den harten Alltag der W\u00e4chter zu verstehen, die \u00fcber diesen steinernen Titanen in der Weite des Ozeans wachten. <\/p>\n\n<p>Die erhabenen Illustrationen von Emmanuel Lepage sind ein Fest f\u00fcr die Augen und fangen die wilde Essenz und die rohe Sch\u00f6nheit dieses legend\u00e4ren Ortes ein. Riechen Sie auf jeder Seite die Gischt, h\u00f6ren Sie das Rauschen des Meeres und lassen Sie Ihre Fantasie zu unerforschten Horizonten segeln. <\/p>\n\n<p>Genre: Graphischer Roman<\/p>\n\n<p>\u00a0<\/p>\n\n<h2 class=\"wp-block-heading\">&#8222;ALGUES VERTES, L&#8217;HISTOIRE INTERDITE&#8220; VON IN\u00c8S L\u00c9RAUD UND PIERRE VAN HOVE<\/h2>\n\n<p>Tauchen Sie ein in diesen fesselnden und eindringlichen Comic, der Sie mitten in eine Untersuchung \u00fcber die Verschmutzung der bretonischen Str\u00e4nde durch Gr\u00fcnalgen f\u00fchrt. W\u00e4hrend Sie durch die Seiten bl\u00e4ttern, werden Sie Zeuge einer atemberaubenden Geschichte, die die jahrzehntelange Verschmutzung aufdeckt, wobei Whistleblower, Wissenschaftler, Landwirte und Politiker die entscheidenden Rollen in dieser Umweltsaga spielen. Die F\u00fclle an Fakten, der didaktische Ansatz und die Informationsdichte sind geschickt in einer Geschichte verwoben, die sich nicht scheut, unbequeme Wahrheiten auszugraben. Ein Muss f\u00fcr jeden, der sich f\u00fcr die Umwelt interessiert und die Verflechtungen zwischen \u00d6kologie und Politik verstehen m\u00f6chte.   <\/p>\n\n<p>Genre: Aktueller Comic<\/p>\n\n<figure class=\"wp-block-gallery has-nested-images columns-default is-cropped wp-block-gallery-8 is-layout-flex wp-block-gallery-is-layout-flex\">\n<figure class=\"wp-block-image\"><img decoding=\"async\" src=\"https:\/\/www.camping-les-saules.com\/wp-content\/uploads\/soeur-dys.jpg\" alt=\"\" \/><\/figure>\n\n\n\n<figure class=\"wp-block-image\"><img decoding=\"async\" src=\"https:\/\/www.camping-les-saules.com\/wp-content\/uploads\/hisseetho.jpg\" alt=\"\" \/><\/figure>\n<\/figure>\n\n<p><\/p>\n\n<h2 class=\"wp-block-heading\">&#8222;SCHWESTERN VON YS: DER FLUCH DES VERSUNKENEN K\u00d6NIGREICHS&#8220; VON JOSEPHINE RIOUX<\/h2>\n\n<p>Dieser Comic interpretiert die mythische bretonische Legende der Stadt Ys neu, indem er eine neue Figur einf\u00fchrt: Rozenn, die \u00e4ltere Schwester von Dahut. Ihre Anwesenheit verleiht der traditionellen Geschichte eine neue Sichtweise, ohne sie zu verf\u00e4lschen. Die Geschichte handelt von zwei Prinzessinnen, die zwar Schwestern sind, aber in ihren Bestrebungen diametral entgegengesetzt sind: die eine widmet sich der Natur und der Tierwelt, die andere liebt Zauberei und die Suche nach v\u00e4terlicher Anerkennung. Mit seinen dunklen Geheimnissen und der wilden Landschaft wird Sie dieser Comic in Atem halten, w\u00e4hrend er die Essenz der urspr\u00fcnglichen Legende bewahrt.   <\/p>\n\n<p>Genre: Graphischer Roman<\/p>\n\n<p>\u00a0<\/p>\n\n<h2 class=\"wp-block-heading\">&#8222;HISSE &amp; HO, BAND 1: DER GEHEIMNISVOLLE LEUCHTTURM&#8220; VON ANNE LOYER<\/h2>\n\n<p>Folgen Sie den aufregenden Abenteuern von Hisse und Ho, den unerschrockenen Zwillingen, deren Sommer eine au\u00dfergew\u00f6hnliche Wendung nimmt, als sie mit ihren Eltern an Bord einer Segelyacht um die Welt gehen! W\u00e4hrend sie an Bord der &#8222;Olymp&#8220; \u00fcber die Meere segeln, wird ihr erster Halt von einer faszinierenden Entdeckung gepr\u00e4gt: ein r\u00e4tselhafter Leuchtturm, der jede Nacht von selbst leuchtet und von gewaltigen Schatten umgeben ist. Mit ihrer Neugierde sind Hisse und Ho bereit, die Geheimnisse des Leuchtturms zu l\u00fcften. Mit ihrem fesselnden Schreibstil und den wundersch\u00f6nen Illustrationen nimmt Anne Loyer uns mit auf eine faszinierende Reise, auf der das Erforschen und Staunen auf jeder Seite im Mittelpunkt steht. Hisse &amp; Ho, Band 1: Der geheimnisvolle Leuchtturm&#8220; eignet sich perfekt f\u00fcr junge Leser ab 9 Jahren und ist ein Muss f\u00fcr alle, die sich nach Abenteuer und Fantasie sehnen.    <\/p>\n\n<p>Genre: Jugendroman<\/p>\n\n<figure class=\"wp-block-gallery has-nested-images columns-default is-cropped wp-block-gallery-9 is-layout-flex wp-block-gallery-is-layout-flex\">\n<figure class=\"wp-block-image\"><img decoding=\"async\" src=\"https:\/\/www.camping-les-saules.com\/wp-content\/uploads\/finisterrae.jpg\" alt=\"\" \/><\/figure>\n\n\n\n<figure class=\"wp-block-image\"><img decoding=\"async\" src=\"https:\/\/www.camping-les-saules.com\/wp-content\/uploads\/uncailloudanslapoche.jpg\" alt=\"\" \/><\/figure>\n<\/figure>\n\n<p><\/p>\n\n<h2 class=\"wp-block-heading\">&#8222;FINISTERRAE&#8220; VON <strong>CARLE BOCQUENET<\/strong><\/h2>\n\n<p>Im Mittelpunkt dieser Saga stehen Katell und ihre Br\u00fcder, die sich vor kurzem auf dem Land ihrer verstorbenen Gro\u00dfmutter Maria niedergelassen haben, deren Vergangenheit voller Geheimnisse ist. Die Nebel des Geheimnisses verdichten sich, als Katell in den alten Druidenglauben eintaucht. Dieses Buch ist ein Mosaik aus Familie, Folklore und dem Unbekannten, alles eingeh\u00fcllt in keltische Traditionen. Verpassen Sie nicht dieses faszinierende Abenteuer, das Sie \u00fcber die bekannten L\u00e4nder hinausf\u00fchrt, wo die Legenden zum Leben erweckt werden.   <\/p>\n\n<p>Genre: Jugendroman<\/p>\n\n<p>\u00a0<\/p>\n\n<h2 class=\"wp-block-heading\">&#8222;UN CAILLOU DANS LA POCHE&#8220; VON MARIE CHARTRES<\/h2>\n\n<p>Im Mittelpunkt dieser Geschichte steht Tino, ein geistreicher und phantasievoller Junge, der auf der geheimnisvollen Insel Sein vor der K\u00fcste des Finist\u00e8re lebt. An diesem Ort, an dem die Zeit still zu stehen scheint, tr\u00e4umt Tino von au\u00dfergew\u00f6hnlichen Ereignissen und spannenden Abenteuern, die aus den Wellen des Ozeans auftauchen - vielleicht ein majest\u00e4tischer Wal oder ein Entdecker auf der Suche nach Sch\u00e4tzen. <\/p>\n\n<p>Dieses Buch erkundet auf zarte Weise die Tiefen der Freundschaft, die Windungen der Einsamkeit und die Kraft der Phantasie. Lassen Sie sich von der Sch\u00f6nheit von &#8222;Ein Kieselstein in der Tasche&#8220; verzaubern. Die \u00cele de Sein erwartet Sie!  <\/p>\n\n<p>Genre: Jugendroman<\/p>\n\n<figure class=\"wp-block-image is-resized\"><img decoding=\"async\" src=\"https:\/\/www.camping-les-saules.com\/wp-content\/uploads\/gwenael-et-la-baleine.jpg\" alt=\"\" style=\"width:318px;height:auto\" \/><\/figure>\n\n<p><\/p>\n\n<h2 class=\"wp-block-heading\">&#8222;GWENAEL UND DER WAL&#8220; VON CHRISTOPHE BONCENS<\/h2>\n\n<p>&#8222;Gwena\u00ebl et la Baleine&#8220; von Christophe Boncens ist ein charmantes bretonisches M\u00e4rchen f\u00fcr die J\u00fcngsten. Es ist die Geschichte von Gwena\u00ebl, einem kleinen Jungen, der in der N\u00e4he eines Strandes lebt. Eines Tages bemerkt er einen Wal, der am Ufer angesp\u00fclt wird, und dies ist der Beginn eines wunderbaren Abenteuers. Dieses Buch ist Teil der Sammlung &#8222;Mes petits contes bretons&#8220;, die Sie im Gesch\u00e4ft des Autors in <a href=\"https:\/\/www.camping-les-saules.com\/de\/camping-pont-aven\/\">Pont Aven<\/a> finden k\u00f6nnen. Wer wei\u00df das schon? Vielleicht haben Sie sogar die Gelegenheit, ihn zu treffen!     <\/p>\n\n<p>Genre: Jugendbuch<\/p>\n\n<p>Wo kann man in S\u00fcd-Finist\u00e8re B\u00fccher kaufen?<\/p>\n\n<p>Lassen Sie sich von der Magie der literarischen Bretagne verzaubern und nutzen Sie Ihren Ausflug, um bei den unabh\u00e4ngigen Buchh\u00e4ndlern einzukaufen:<\/p>\n\n<p>- In <a href=\"https:\/\/www.camping-les-saules.com\/de\/quimper\/\">Quimper<\/a> bei der Buchhandlung Ravy 10 r Providence oder bei &#8222;Librairie &amp; Curiosit\u00e9s&#8220; 1 Bis r Toul al La\u00ebr<\/p>\n\n<p>- In <a href=\"https:\/\/www.camping-les-saules.com\/de\/besuchen-concarneau\/\">Concarneau<\/a> bei Librairie Albertine 5 Rue des \u00c9coles<\/p>\n\n<p>- In <a href=\"https:\/\/www.camping-les-saules.com\/camping-locronan\/\">Locronan<\/a> in der keltischen Buchhandlung am Place de l&#8217;Eglise.<\/p>\n\n<p>- In <a href=\"https:\/\/www.camping-les-saules.com\/de\/besuchen-douarnenez\/\">Douarnenez<\/a> in der Buchhandlung Angle Rouge: 9 Rue de l&#8217;h\u00f4pital,<\/p>\n\n<p>Wir w\u00fcnschen Ihnen einen sch\u00f6nen Urlaub in der Bretagne, in dem Sie sich von diesen bezaubernden Geschichten berieseln lassen k\u00f6nnen. Viel Spa\u00df beim Lesen und einen sch\u00f6nen Urlaub!   <\/p>\n\n<h4 class=\"wp-block-heading\">Buchen Sie Ihren Urlaub im s\u00fcdlichen Finist\u00e8re!<\/h4>\n\n<p>4* Campingplatz mit direktem Zugang zum Strand zwischen Fouesnant und Concarneau.<\/p>\n\n<p><a href=\"https:\/\/www.camping-les-saules.com\/de\/mobilheim-fouesnant\/\"><br \/>siehe Preisliste<br \/><\/a><\/p>\n","protected":false},"excerpt":{"rendered":"<p>Ihr Urlaub in der Bretagne w\u00e4re nicht vollst\u00e4ndig ohne eine Auswahl an B\u00fcchern, die Sie wie einen Teller Meeresfr\u00fcchte oder eine Buchweizengalette verschlingen k\u00f6nnen! Wir haben f\u00fcr Sie eine Liste von B\u00fcchern zusammengestellt, die Sie w\u00e4hrend der Siesta lesen oder als Andenken an Ihren Urlaub mit nach Hause nehmen k\u00f6nnen.   <\/p>\n","protected":false},"author":1,"featured_media":14103,"comment_status":"closed","ping_status":"closed","sticky":false,"template":"","format":"standard","meta":{"slim_seo":{"title":"Bretonische Romane f\u00fcr den Urlaub - Camping Les Saules","description":"Ihr Urlaub in der Bretagne w\u00e4re nicht vollst\u00e4ndig ohne eine Auswahl an B\u00fcchern, die Sie wie einen Teller Meeresfr\u00fcchte oder eine Buchweizengalette verschlingen"},"footnotes":""},"categories":[474,476],"tags":[],"class_list":["post-14520","post","type-post","status-publish","format-standard","has-post-thumbnail","hentry","category-finistere-sud","category-sud-finistere"],"_links":{"self":[{"href":"https:\/\/www.camping-les-saules.com\/de\/wp-json\/wp\/v2\/posts\/14520","targetHints":{"allow":["GET"]}}],"collection":[{"href":"https:\/\/www.camping-les-saules.com\/de\/wp-json\/wp\/v2\/posts"}],"about":[{"href":"https:\/\/www.camping-les-saules.com\/de\/wp-json\/wp\/v2\/types\/post"}],"author":[{"embeddable":true,"href":"https:\/\/www.camping-les-saules.com\/de\/wp-json\/wp\/v2\/users\/1"}],"replies":[{"embeddable":true,"href":"https:\/\/www.camping-les-saules.com\/de\/wp-json\/wp\/v2\/comments?post=14520"}],"version-history":[{"count":1,"href":"https:\/\/www.camping-les-saules.com\/de\/wp-json\/wp\/v2\/posts\/14520\/revisions"}],"predecessor-version":[{"id":20546,"href":"https:\/\/www.camping-les-saules.com\/de\/wp-json\/wp\/v2\/posts\/14520\/revisions\/20546"}],"wp:featuredmedia":[{"embeddable":true,"href":"https:\/\/www.camping-les-saules.com\/de\/wp-json\/wp\/v2\/media\/14103"}],"wp:attachment":[{"href":"https:\/\/www.camping-les-saules.com\/de\/wp-json\/wp\/v2\/media?parent=14520"}],"wp:term":[{"taxonomy":"category","embeddable":true,"href":"https:\/\/www.camping-les-saules.com\/de\/wp-json\/wp\/v2\/categories?post=14520"},{"taxonomy":"post_tag","embeddable":true,"href":"https:\/\/www.camping-les-saules.com\/de\/wp-json\/wp\/v2\/tags?post=14520"}],"curies":[{"name":"wp","href":"https:\/\/api.w.org\/{rel}","templated":true}]}}